{"id":584,"date":"2018-02-16T15:00:45","date_gmt":"2018-02-16T14:00:45","guid":{"rendered":"http:\/\/www.veraholz.ch\/?p=584"},"modified":"2021-08-19T12:51:47","modified_gmt":"2021-08-19T10:51:47","slug":"buch-des-monats-februar","status":"publish","type":"post","link":"https:\/\/www.wort-reich.ch\/?p=584","title":{"rendered":"Buch des Monats Februar"},"content":{"rendered":"<div id=\"dslc-main\">\r\n\t\t\t<div  class=\"dslc-modules-section \" style=\"margin-bottom:100px;padding-top:0px;padding-bottom:0px;\" data-section-id=\"ddcbedf59ed\">\r\n\t\t\t\t\r\n\t\t\t\t\r\n\t\t\t\t<div class=\"dslc-modules-section-wrapper dslc-clearfix\"><div  class=\"dslc-modules-area dslc-col dslc-12-col dslc-last-col dslc-valign- \" data-size=\"12\" data-valign=\"\" data-modules-area-id=\"\" ><style type=\"text\/css\" id=\"dslca-modules-area-\"><\/style>\r\n\t\t<div id=\"dslc-module-69876ae1d25\" class=\"dslc-module-front dslc-module-DSLC_TP_Title dslc-in-viewport-check dslc-in-viewport-anim-none  dslc-col dslc-12-col dslc-last-col  dslc-module-handle-like-regular \" data-module-id=\"69876ae1d25\" data-module=\"DSLC_TP_Title\" data-dslc-module-size=\"12\" data-dslc-anim=\"none\" data-dslc-anim-delay=\"\" data-dslc-anim-duration=\"650\"  data-dslc-anim-easing=\"ease\" data-dslc-preset=\"none\" >\r\n\r\n\t\t\t\r\n\t\t\t\r\n\t\t\r\n\t<div class=\"dslc-tp-title\">\r\n\t\t\t\t\t<div class=\"dslc-tp-title\"><h1>Buch des Monats Februar<\/h1><\/div>\r\n\t\t\t<\/div>\r\n\r\n\t\r\n\t\t\t\t<\/div><!-- .dslc-module -->\r\n\t\t\r\n\t\t<div id=\"dslc-module-e1d5148467e\" class=\"dslc-module-front dslc-module-DSLC_TP_Thumbnail dslc-in-viewport-check dslc-in-viewport-anim-none  dslc-col dslc-12-col dslc-last-col  dslc-module-handle-like-regular \" data-module-id=\"e1d5148467e\" data-module=\"DSLC_TP_Thumbnail\" data-dslc-module-size=\"12\" data-dslc-anim=\"none\" data-dslc-anim-delay=\"0\" data-dslc-anim-duration=\"650\"  data-dslc-anim-easing=\"ease\" data-dslc-preset=\"none\" >\r\n\r\n\t\t\t\r\n\t\t\t\r\n\t\t\r\n\t\t\t<div class=\"dslc-tp-thumbnail\">\r\n\t\t\t\t\r\n\t\t\t\t\t\t\t\t\t<img width=\"2448\" height=\"3264\" src=\"https:\/\/www.wort-reich.ch\/wp-content\/uploads\/2018\/02\/IMG_0428-e1518455300612.jpg\" class=\"attachment-full size-full wp-post-image\" alt=\"\" title=\"IMG_0428\" srcset=\"https:\/\/www.wort-reich.ch\/wp-content\/uploads\/2018\/02\/IMG_0428-e1518455300612.jpg 2448w, https:\/\/www.wort-reich.ch\/wp-content\/uploads\/2018\/02\/IMG_0428-e1518455300612-225x300.jpg 225w, https:\/\/www.wort-reich.ch\/wp-content\/uploads\/2018\/02\/IMG_0428-e1518455300612-768x1024.jpg 768w, https:\/\/www.wort-reich.ch\/wp-content\/uploads\/2018\/02\/IMG_0428-e1518455300612-700x933.jpg 700w\" sizes=\"(max-width: 2448px) 100vw, 2448px\" \/>\t\t\t\t\r\n\t\t\t\t\t\t\t<\/div>\r\n\r\n\t\t\r\n\t\t\r\n\t\t\t\t<\/div><!-- .dslc-module -->\r\n\t\t\r\n\t\t<div id=\"dslc-module-60e77eb73f8\" class=\"dslc-module-front dslc-module-DSLC_TP_Content dslc-in-viewport-check dslc-in-viewport-anim-none  dslc-col dslc-12-col dslc-last-col  dslc-module-handle-like-regular \" data-module-id=\"60e77eb73f8\" data-module=\"DSLC_TP_Content\" data-dslc-module-size=\"12\" data-dslc-anim=\"none\" data-dslc-anim-delay=\"\" data-dslc-anim-duration=\"650\"  data-dslc-anim-easing=\"ease\" data-dslc-preset=\"content\" >\r\n\r\n\t\t\t\r\n\t\t\t\r\n\t\t\t\t<div class=\"dslc-tp-content\">\r\n\t\t\t<div id=\"pl-584\"  class=\"panel-layout\" ><div id=\"pg-584-0\"  class=\"panel-grid panel-no-style\" ><div id=\"pgc-584-0-0\"  class=\"panel-grid-cell\" ><div id=\"panel-584-0-0-0\" class=\"so-panel widget widget_sow-editor panel-first-child panel-last-child\" data-index=\"0\" ><div\n\t\t\t\n\t\t\tclass=\"so-widget-sow-editor so-widget-sow-editor-base\"\n\t\t\t\n\t\t><h3 class=\"widget-title\">Vom Ende der Einsamkeit \u2013 Benedict Wells<\/h3>\n<div class=\"siteorigin-widget-tinymce textwidget\">\n\t<h4><strong>Inhalt:<\/strong><\/h4>\n<h6><\/h6>\n<h6>Die Geschichte handelt von Jules und seinen Geschwistern Liz und Marty. Die Drei wachsen in einem beh\u00fcteten Elternhaus auf, bis die Eltern bei einem Autounfall ums Leben kommen und die Kinder Vollwaisen werden. Die Tante k\u00fcmmert sich um sie und steckt sie in ein Internat. Und zwar keines, wie man es sich als Kind vorstellt und aus den B\u00fcchern kennt mit grossem Luxus, sondern billig und sch\u00e4big. Das Leben der Drei ger\u00e4t v\u00f6llig aus der Bahn und sie verlieren sich aus den Augen. Der ehemals mutige Jules wird sch\u00fcchtern und ruhig. Liz ist experimentierfreudig, trinkt viel Alkohol und probiert Drogen aus. Marty wird ein Nerd und Aussenseiter.<br \/>\nLiz schmeisst die Schule, Marty geht auf die Uni und studiert Informatik. Jules macht Abitur, studiert Jura, bricht wieder ab, versucht sich mit Fotografie und Schreiben, arbeitet bei einem Musiklabel.<br \/>\nUnd dann ist da noch Alva, die Internatsfreundin von Jules, die sich aus den Augen verloren haben, doch dann wiederfinden. Und Elena, die Freundin und sp\u00e4ter Frau von Marty, die die ganze Familie ein wenig zusammenh\u00e4lt, weil sie die ruhige Person ist, die immer zuh\u00f6rt und Ratschl\u00e4ge hat.<\/h6>\n<h6>Nach dem Klappentext des Buches:<br \/>\nEin ber\u00fchrender Roman \u00fcber das \u00dcberwinden von Verlust und Einsamkeit und die Frage, was in einem Menschen unver\u00e4nderlich ist. Und vor allem: eine grosse Liebesgeschichte.<\/h6>\n<p>&nbsp;<\/p>\n<h4><strong>Zitate:<\/strong><\/h4>\n<blockquote>\n<h6>\u201eEs gab Dinge, die ich nicht sagen, sondern nur schreiben konnte. Denn wenn ich redete, dann dachte ich, und wenn ich schrieb, dann f\u00fchlte ich.\u201c (S.233)<\/h6>\n<h6>\u201eIn Wahrheit nur ich selbst der Architekt meiner Existenz bin.\u201c (S. 337)<\/h6>\n<h6>\u201eDinge kommen und gehen, das habe ich lange nicht akzeptieren k\u00f6nnen, jetzt f\u00e4llt es mir pl\u00f6tzlich leicht.\u201c (S. 354)<\/h6>\n<\/blockquote>\n<h4><strong>Kommentar dazu:<\/strong><\/h4>\n<h6><strong><br \/>\n<\/strong>Die Geschichte eines Lebens, einer Familie, einer grossen Liebe. Mit dem ersten oben genannten Zitat hat mich dieses Buch vollends \u00fcberzeugt. Es ist sehr tragisch und es hatte Stellen, da dachte ich: Nein nicht auch noch. Doch in sich ist es sehr stimmig. Spannend und fesselnde Geschichte, die zum Gl\u00fcck nicht traurig endet.<\/h6>\n<\/div>\n<\/div><\/div><\/div><\/div><\/div>\t\t<\/div>\r\n\t\t\r\n\t\t\t\t<\/div><!-- .dslc-module -->\r\n\t\t<\/div><\/div><\/div><\/div><input type=\"hidden\" id=\"dslca-post-data-thumb\" value=\"https:\/\/www.wort-reich.ch\/wp-content\/uploads\/2018\/02\/IMG_0428-e1518455300612.jpg\" \/>","protected":false},"excerpt":{"rendered":"<p>Inhalt: Die Geschichte handelt von Jules und seinen Geschwistern Liz und Marty. Die Drei wachsen in einem beh\u00fcteten Elternhaus auf, bis die Eltern bei einem Autounfall ums Leben kommen und die Kinder Vollwaisen werden. Die Tante k\u00fcmmert sich um sie und steckt sie in ein Internat. Und zwar keines, wie man es sich als Kind [&hellip;]<\/p>\n","protected":false},"author":1,"featured_media":587,"comment_status":"open","ping_status":"open","sticky":false,"template":"","format":"standard","meta":{"jetpack_post_was_ever_published":false,"_jetpack_newsletter_access":"","_jetpack_dont_email_post_to_subs":false,"_jetpack_newsletter_tier_id":0,"_jetpack_memberships_contains_paywalled_content":false,"_jetpack_memberships_contains_paid_content":false,"footnotes":"","jetpack_publicize_message":"","jetpack_publicize_feature_enabled":true,"jetpack_social_post_already_shared":true,"jetpack_social_options":{"image_generator_settings":{"template":"highway","default_image_id":0,"font":"","enabled":false},"version":2}},"categories":[131],"tags":[43,110,41,111,108,40,109],"class_list":["post-584","post","type-post","status-publish","format-standard","has-post-thumbnail","hentry","category-text","tag-buch","tag-familie","tag-februar","tag-geschichte","tag-liebe","tag-monat","tag-traurig"],"jetpack_publicize_connections":[],"jetpack_featured_media_url":"https:\/\/www.wort-reich.ch\/wp-content\/uploads\/2018\/02\/IMG_0428-e1518455300612.jpg","jetpack_sharing_enabled":true,"jetpack_shortlink":"https:\/\/wp.me\/p8fxsM-9q","_links":{"self":[{"href":"https:\/\/www.wort-reich.ch\/index.php?rest_route=\/wp\/v2\/posts\/584","targetHints":{"allow":["GET"]}}],"collection":[{"href":"https:\/\/www.wort-reich.ch\/index.php?rest_route=\/wp\/v2\/posts"}],"about":[{"href":"https:\/\/www.wort-reich.ch\/index.php?rest_route=\/wp\/v2\/types\/post"}],"author":[{"embeddable":true,"href":"https:\/\/www.wort-reich.ch\/index.php?rest_route=\/wp\/v2\/users\/1"}],"replies":[{"embeddable":true,"href":"https:\/\/www.wort-reich.ch\/index.php?rest_route=%2Fwp%2Fv2%2Fcomments&post=584"}],"version-history":[{"count":14,"href":"https:\/\/www.wort-reich.ch\/index.php?rest_route=\/wp\/v2\/posts\/584\/revisions"}],"predecessor-version":[{"id":1068,"href":"https:\/\/www.wort-reich.ch\/index.php?rest_route=\/wp\/v2\/posts\/584\/revisions\/1068"}],"wp:featuredmedia":[{"embeddable":true,"href":"https:\/\/www.wort-reich.ch\/index.php?rest_route=\/wp\/v2\/media\/587"}],"wp:attachment":[{"href":"https:\/\/www.wort-reich.ch\/index.php?rest_route=%2Fwp%2Fv2%2Fmedia&parent=584"}],"wp:term":[{"taxonomy":"category","embeddable":true,"href":"https:\/\/www.wort-reich.ch\/index.php?rest_route=%2Fwp%2Fv2%2Fcategories&post=584"},{"taxonomy":"post_tag","embeddable":true,"href":"https:\/\/www.wort-reich.ch\/index.php?rest_route=%2Fwp%2Fv2%2Ftags&post=584"}],"curies":[{"name":"wp","href":"https:\/\/api.w.org\/{rel}","templated":true}]}}