{"id":1529,"date":"2026-01-28T10:15:14","date_gmt":"2026-01-28T09:15:14","guid":{"rendered":"https:\/\/www.wort-reich.ch\/?p=1529"},"modified":"2026-01-27T15:59:23","modified_gmt":"2026-01-27T14:59:23","slug":"christoph-kramer-das-leben-fing-im-sommer-an","status":"publish","type":"post","link":"https:\/\/www.wort-reich.ch\/?p=1529","title":{"rendered":"Christoph Kramer - Das Leben fing im Sommer an"},"content":{"rendered":"<div id=\"dslc-main\">\r\n\t\t\t<div  class=\"dslc-modules-section \" style=\"margin-bottom:100px;padding-top:0px;padding-bottom:0px;\" data-section-id=\"ddcbedf59ed\">\r\n\t\t\t\t\r\n\t\t\t\t\r\n\t\t\t\t<div class=\"dslc-modules-section-wrapper dslc-clearfix\"><div  class=\"dslc-modules-area dslc-col dslc-12-col dslc-last-col dslc-valign- \" data-size=\"12\" data-valign=\"\" data-modules-area-id=\"\" ><style type=\"text\/css\" id=\"dslca-modules-area-\"><\/style>\r\n\t\t<div id=\"dslc-module-69876ae1d25\" class=\"dslc-module-front dslc-module-DSLC_TP_Title dslc-in-viewport-check dslc-in-viewport-anim-none  dslc-col dslc-12-col dslc-last-col  dslc-module-handle-like-regular \" data-module-id=\"69876ae1d25\" data-module=\"DSLC_TP_Title\" data-dslc-module-size=\"12\" data-dslc-anim=\"none\" data-dslc-anim-delay=\"\" data-dslc-anim-duration=\"650\"  data-dslc-anim-easing=\"ease\" data-dslc-preset=\"none\" >\r\n\r\n\t\t\t\r\n\t\t\t\r\n\t\t\r\n\t<div class=\"dslc-tp-title\">\r\n\t\t\t\t\t<div class=\"dslc-tp-title\"><h1>Christoph Kramer - Das Leben fing im Sommer an<\/h1><\/div>\r\n\t\t\t<\/div>\r\n\r\n\t\r\n\t\t\t\t<\/div><!-- .dslc-module -->\r\n\t\t\r\n\t\t<div id=\"dslc-module-e1d5148467e\" class=\"dslc-module-front dslc-module-DSLC_TP_Thumbnail dslc-in-viewport-check dslc-in-viewport-anim-none  dslc-col dslc-12-col dslc-last-col  dslc-module-handle-like-regular \" data-module-id=\"e1d5148467e\" data-module=\"DSLC_TP_Thumbnail\" data-dslc-module-size=\"12\" data-dslc-anim=\"none\" data-dslc-anim-delay=\"0\" data-dslc-anim-duration=\"650\"  data-dslc-anim-easing=\"ease\" data-dslc-preset=\"none\" >\r\n\r\n\t\t\t\r\n\t\t\t\r\n\t\t\r\n\t\t\t<div class=\"dslc-tp-thumbnail\">\r\n\t\t\t\t\r\n\t\t\t\t\t\t\t\t\t<img width=\"1920\" height=\"2560\" src=\"https:\/\/www.wort-reich.ch\/wp-content\/uploads\/2026\/01\/IMG_3457-scaled.jpg\" class=\"attachment-full size-full wp-post-image\" alt=\"\" title=\"IMG_3457\" srcset=\"https:\/\/www.wort-reich.ch\/wp-content\/uploads\/2026\/01\/IMG_3457-scaled.jpg 1920w, https:\/\/www.wort-reich.ch\/wp-content\/uploads\/2026\/01\/IMG_3457-225x300.jpg 225w, https:\/\/www.wort-reich.ch\/wp-content\/uploads\/2026\/01\/IMG_3457-700x933.jpg 700w, https:\/\/www.wort-reich.ch\/wp-content\/uploads\/2026\/01\/IMG_3457-768x1024.jpg 768w, https:\/\/www.wort-reich.ch\/wp-content\/uploads\/2026\/01\/IMG_3457-1152x1536.jpg 1152w, https:\/\/www.wort-reich.ch\/wp-content\/uploads\/2026\/01\/IMG_3457-1536x2048.jpg 1536w\" sizes=\"(max-width: 1920px) 100vw, 1920px\" \/>\t\t\t\t\r\n\t\t\t\t\t\t\t<\/div>\r\n\r\n\t\t\r\n\t\t\r\n\t\t\t\t<\/div><!-- .dslc-module -->\r\n\t\t\r\n\t\t<div id=\"dslc-module-60e77eb73f8\" class=\"dslc-module-front dslc-module-DSLC_TP_Content dslc-in-viewport-check dslc-in-viewport-anim-none  dslc-col dslc-12-col dslc-last-col  dslc-module-handle-like-regular \" data-module-id=\"60e77eb73f8\" data-module=\"DSLC_TP_Content\" data-dslc-module-size=\"12\" data-dslc-anim=\"none\" data-dslc-anim-delay=\"\" data-dslc-anim-duration=\"650\"  data-dslc-anim-easing=\"ease\" data-dslc-preset=\"content\" >\r\n\r\n\t\t\t\r\n\t\t\t\r\n\t\t\t\t<div class=\"dslc-tp-content\">\r\n\t\t\t<div id=\"pl-1529\"  class=\"panel-layout\" ><div id=\"pg-1529-0\"  class=\"panel-grid panel-no-style\" ><div id=\"pgc-1529-0-0\"  class=\"panel-grid-cell\" ><div id=\"panel-1529-0-0-0\" class=\"so-panel widget widget_sow-editor panel-first-child\" data-index=\"0\" ><div\n\t\t\t\n\t\t\tclass=\"so-widget-sow-editor so-widget-sow-editor-base\"\n\t\t\t\n\t\t>\n<div class=\"siteorigin-widget-tinymce textwidget\">\n\t<p>Wir haben Christoph Kramers Romandeb\u00fct \"Das Leben fing im Sommer an\" zum Anlass genommen \u00fcber den Literaturbetrieb zu reden. Wie werden B\u00fccher erfolgreich? Wieso bekommt immer mal wieder dieselbe Person den Schweizer und Deutschen Buchpreis? Was gibt es f\u00fcr Unterschiede bei kleinen und grossen Verlagen? Spielt auch die Autor:in selbst eine Rolle (z.B. Vermarktung)? Neben all den Fragen und Antworten sprechen wir nat\u00fcrlich auch \u00fcber das Deb\u00fct, das eine klassische Coming-of-Age Geschichte ist, sich unserer Meinung nach aber nicht Jugendliche und junge Erwachsene als Zielpublikum ausgesucht hat.<\/p>\n<p>&nbsp;<\/p>\n<p>Gleich hier h\u00f6ren oder \u00fcberall, wo es Podcasts gibt. (z.B.<strong> <a href=\"https:\/\/open.spotify.com\/show\/2Ct3KxyqT5xNZgM1LCcNVI\">Spotify <\/a><\/strong>oder Apple Podcast)<\/p>\n<p>Empfiehl uns gerne weiter, bewerte und kommentiere.<\/p>\n<p>Du m\u00f6chtest noch mehr von uns h\u00f6ren? Dann folge uns auf Instagram:<br \/>\nwortreich.literatur<\/p>\n<\/div>\n<\/div><\/div><div id=\"panel-1529-0-0-1\" class=\"so-panel widget widget_sow-editor panel-last-child\" data-index=\"1\" ><div\n\t\t\t\n\t\t\tclass=\"so-widget-sow-editor so-widget-sow-editor-base\"\n\t\t\t\n\t\t>\n<div class=\"siteorigin-widget-tinymce textwidget\">\n\t<p><script class=\"podigee-podcast-player\" src=\"https:\/\/player.podigee-cdn.net\/podcast-player\/javascripts\/podigee-podcast-player.js\" data-configuration=\"https:\/\/wortreich-literaturpodcast.podigee.io\/33-christoph-kramer-das-leben-fing-im-sommer-an\/embed?context=external&token=fEtDwXySjgPb_23E-Pw6Zg\"><\/script><\/p>\n<\/div>\n<\/div><\/div><\/div><\/div><\/div>\t\t<\/div>\r\n\t\t\r\n\t\t\t\t<\/div><!-- .dslc-module -->\r\n\t\t<\/div><\/div><\/div><\/div><input type=\"hidden\" id=\"dslca-post-data-thumb\" value=\"https:\/\/www.wort-reich.ch\/wp-content\/uploads\/2026\/01\/IMG_3457-scaled.jpg\" \/>","protected":false},"excerpt":{"rendered":"<p>Wir haben Christoph Kramers Romandeb\u00fct \"Das Leben fing im Sommer an\" zum Anlass genommen \u00fcber den Literaturbetrieb zu reden. Wie werden B\u00fccher erfolgreich? Wieso bekommt immer mal wieder dieselbe Person den Schweizer und Deutschen Buchpreis? Was gibt es f\u00fcr Unterschiede bei kleinen und grossen Verlagen? Spielt auch die Autor:in selbst eine Rolle (z.B. Vermarktung)? Neben [&hellip;]<\/p>\n","protected":false},"author":1,"featured_media":1534,"comment_status":"open","ping_status":"open","sticky":false,"template":"","format":"standard","meta":{"jetpack_post_was_ever_published":false,"_jetpack_newsletter_access":"","_jetpack_dont_email_post_to_subs":false,"_jetpack_newsletter_tier_id":0,"_jetpack_memberships_contains_paywalled_content":false,"_jetpack_memberships_contains_paid_content":false,"footnotes":"","jetpack_publicize_message":"","jetpack_publicize_feature_enabled":true,"jetpack_social_post_already_shared":true,"jetpack_social_options":{"image_generator_settings":{"template":"highway","default_image_id":0,"font":"","enabled":false},"version":2}},"categories":[132],"tags":[],"class_list":["post-1529","post","type-post","status-publish","format-standard","has-post-thumbnail","hentry","category-podcast"],"jetpack_publicize_connections":[],"jetpack_featured_media_url":"https:\/\/www.wort-reich.ch\/wp-content\/uploads\/2026\/01\/IMG_3457-scaled.jpg","jetpack_sharing_enabled":true,"jetpack_shortlink":"https:\/\/wp.me\/p8fxsM-oF","_links":{"self":[{"href":"https:\/\/www.wort-reich.ch\/index.php?rest_route=\/wp\/v2\/posts\/1529","targetHints":{"allow":["GET"]}}],"collection":[{"href":"https:\/\/www.wort-reich.ch\/index.php?rest_route=\/wp\/v2\/posts"}],"about":[{"href":"https:\/\/www.wort-reich.ch\/index.php?rest_route=\/wp\/v2\/types\/post"}],"author":[{"embeddable":true,"href":"https:\/\/www.wort-reich.ch\/index.php?rest_route=\/wp\/v2\/users\/1"}],"replies":[{"embeddable":true,"href":"https:\/\/www.wort-reich.ch\/index.php?rest_route=%2Fwp%2Fv2%2Fcomments&post=1529"}],"version-history":[{"count":3,"href":"https:\/\/www.wort-reich.ch\/index.php?rest_route=\/wp\/v2\/posts\/1529\/revisions"}],"predecessor-version":[{"id":1532,"href":"https:\/\/www.wort-reich.ch\/index.php?rest_route=\/wp\/v2\/posts\/1529\/revisions\/1532"}],"wp:featuredmedia":[{"embeddable":true,"href":"https:\/\/www.wort-reich.ch\/index.php?rest_route=\/wp\/v2\/media\/1534"}],"wp:attachment":[{"href":"https:\/\/www.wort-reich.ch\/index.php?rest_route=%2Fwp%2Fv2%2Fmedia&parent=1529"}],"wp:term":[{"taxonomy":"category","embeddable":true,"href":"https:\/\/www.wort-reich.ch\/index.php?rest_route=%2Fwp%2Fv2%2Fcategories&post=1529"},{"taxonomy":"post_tag","embeddable":true,"href":"https:\/\/www.wort-reich.ch\/index.php?rest_route=%2Fwp%2Fv2%2Ftags&post=1529"}],"curies":[{"name":"wp","href":"https:\/\/api.w.org\/{rel}","templated":true}]}}