{"id":1254,"date":"2023-03-28T16:45:36","date_gmt":"2023-03-28T14:45:36","guid":{"rendered":"https:\/\/www.wort-reich.ch\/?p=1254"},"modified":"2023-03-28T16:49:05","modified_gmt":"2023-03-28T14:49:05","slug":"1254","status":"publish","type":"post","link":"https:\/\/www.wort-reich.ch\/?p=1254","title":{"rendered":"Bettina Scheiflinger - Erbgut"},"content":{"rendered":"<div id=\"dslc-main\">\r\n\t\t\t<div  class=\"dslc-modules-section \" style=\"margin-bottom:100px;padding-top:0px;padding-bottom:0px;\" data-section-id=\"ddcbedf59ed\">\r\n\t\t\t\t\r\n\t\t\t\t\r\n\t\t\t\t<div class=\"dslc-modules-section-wrapper dslc-clearfix\"><div  class=\"dslc-modules-area dslc-col dslc-12-col dslc-last-col dslc-valign- \" data-size=\"12\" data-valign=\"\" data-modules-area-id=\"\" ><style type=\"text\/css\" id=\"dslca-modules-area-\"><\/style>\r\n\t\t<div id=\"dslc-module-69876ae1d25\" class=\"dslc-module-front dslc-module-DSLC_TP_Title dslc-in-viewport-check dslc-in-viewport-anim-none  dslc-col dslc-12-col dslc-last-col  dslc-module-handle-like-regular \" data-module-id=\"69876ae1d25\" data-module=\"DSLC_TP_Title\" data-dslc-module-size=\"12\" data-dslc-anim=\"none\" data-dslc-anim-delay=\"\" data-dslc-anim-duration=\"650\"  data-dslc-anim-easing=\"ease\" data-dslc-preset=\"none\" >\r\n\r\n\t\t\t\r\n\t\t\t\r\n\t\t\r\n\t<div class=\"dslc-tp-title\">\r\n\t\t\t\t\t<div class=\"dslc-tp-title\"><h1>Bettina Scheiflinger - Erbgut<\/h1><\/div>\r\n\t\t\t<\/div>\r\n\r\n\t\r\n\t\t\t\t<\/div><!-- .dslc-module -->\r\n\t\t\r\n\t\t<div id=\"dslc-module-e1d5148467e\" class=\"dslc-module-front dslc-module-DSLC_TP_Thumbnail dslc-in-viewport-check dslc-in-viewport-anim-none  dslc-col dslc-12-col dslc-last-col  dslc-module-handle-like-regular \" data-module-id=\"e1d5148467e\" data-module=\"DSLC_TP_Thumbnail\" data-dslc-module-size=\"12\" data-dslc-anim=\"none\" data-dslc-anim-delay=\"0\" data-dslc-anim-duration=\"650\"  data-dslc-anim-easing=\"ease\" data-dslc-preset=\"none\" >\r\n\r\n\t\t\t\r\n\t\t\t\r\n\t\t\r\n\t\t\t<div class=\"dslc-tp-thumbnail\">\r\n\t\t\t\t\r\n\t\t\t\t\t\t\t\t\t<img width=\"768\" height=\"1024\" src=\"https:\/\/www.wort-reich.ch\/wp-content\/uploads\/2023\/03\/IMG_7550.jpg\" class=\"attachment-full size-full wp-post-image\" alt=\"\" title=\"IMG_7550\" srcset=\"https:\/\/www.wort-reich.ch\/wp-content\/uploads\/2023\/03\/IMG_7550.jpg 768w, https:\/\/www.wort-reich.ch\/wp-content\/uploads\/2023\/03\/IMG_7550-225x300.jpg 225w, https:\/\/www.wort-reich.ch\/wp-content\/uploads\/2023\/03\/IMG_7550-700x933.jpg 700w\" sizes=\"(max-width: 768px) 100vw, 768px\" \/>\t\t\t\t\r\n\t\t\t\t\t\t\t<\/div>\r\n\r\n\t\t\r\n\t\t\r\n\t\t\t\t<\/div><!-- .dslc-module -->\r\n\t\t\r\n\t\t<div id=\"dslc-module-60e77eb73f8\" class=\"dslc-module-front dslc-module-DSLC_TP_Content dslc-in-viewport-check dslc-in-viewport-anim-none  dslc-col dslc-12-col dslc-last-col  dslc-module-handle-like-regular \" data-module-id=\"60e77eb73f8\" data-module=\"DSLC_TP_Content\" data-dslc-module-size=\"12\" data-dslc-anim=\"none\" data-dslc-anim-delay=\"\" data-dslc-anim-duration=\"650\"  data-dslc-anim-easing=\"ease\" data-dslc-preset=\"content\" >\r\n\r\n\t\t\t\r\n\t\t\t\r\n\t\t\t\t<div class=\"dslc-tp-content\">\r\n\t\t\t<div id=\"pl-1254\"  class=\"panel-layout\" ><div id=\"pg-1254-0\"  class=\"panel-grid panel-no-style\" ><div id=\"pgc-1254-0-0\"  class=\"panel-grid-cell\" ><div id=\"panel-1254-0-0-0\" class=\"so-panel widget widget_sow-editor panel-first-child\" data-index=\"0\" ><div\n\t\t\t\n\t\t\tclass=\"so-widget-sow-editor so-widget-sow-editor-base\"\n\t\t\t\n\t\t>\n<div class=\"siteorigin-widget-tinymce textwidget\">\n\t<p>Was vererben wir uns? K\u00f6nnen wir uns vom Erbe unserer Vorfahr*innen l\u00f6sen? Und was passiert, wenn man den Schmerz in sich einschliesst?<br \/>\nIm Februar sprechen wir \u00fcber \"Erbgut\" von Bettina Scheiflinger.<\/p>\n<p>&nbsp;<\/p>\n<p>Gleich hier h\u00f6ren oder \u00fcberall, wo es Podcasts gibt. (z.B. Spotify)<\/p>\n<p>Empfiehl uns gerne weiter, bewerte und kommentiere.<\/p>\n<p>Du m\u00f6chtest noch mehr von uns h\u00f6ren? Dann folge uns auf Instagram:<br \/>\nwortreich.literatur<\/p>\n<\/div>\n<\/div><\/div><div id=\"panel-1254-0-0-1\" class=\"so-panel widget widget_sow-editor panel-last-child\" data-index=\"1\" ><div\n\t\t\t\n\t\t\tclass=\"so-widget-sow-editor so-widget-sow-editor-base\"\n\t\t\t\n\t\t>\n<div class=\"siteorigin-widget-tinymce textwidget\">\n\t<p><script class=\"podigee-podcast-player\" src=\"https:\/\/player.podigee-cdn.net\/podcast-player\/javascripts\/podigee-podcast-player.js\" data-configuration=\"https:\/\/wortreich-literaturpodcast.podigee.io\/14-new-episode\/embed?context=external\"><\/script><\/p>\n<\/div>\n<\/div><\/div><\/div><\/div><\/div>\t\t<\/div>\r\n\t\t\r\n\t\t\t\t<\/div><!-- .dslc-module -->\r\n\t\t<\/div><\/div><\/div><\/div><input type=\"hidden\" id=\"dslca-post-data-thumb\" value=\"https:\/\/www.wort-reich.ch\/wp-content\/uploads\/2023\/03\/IMG_7550.jpg\" \/>","protected":false},"excerpt":{"rendered":"<p>Was vererben wir uns? K\u00f6nnen wir uns vom Erbe unserer Vorfahr*innen l\u00f6sen? Und was passiert, wenn man den Schmerz in sich einschliesst? Im Februar sprechen wir \u00fcber \"Erbgut\" von Bettina Scheiflinger. &nbsp; Gleich hier h\u00f6ren oder \u00fcberall, wo es Podcasts gibt. (z.B. Spotify) Empfiehl uns gerne weiter, bewerte und kommentiere. Du m\u00f6chtest noch mehr von [&hellip;]<\/p>\n","protected":false},"author":1,"featured_media":1255,"comment_status":"open","ping_status":"open","sticky":false,"template":"","format":"standard","meta":{"jetpack_post_was_ever_published":false,"_jetpack_newsletter_access":"","_jetpack_dont_email_post_to_subs":false,"_jetpack_newsletter_tier_id":0,"_jetpack_memberships_contains_paywalled_content":false,"_jetpack_memberships_contains_paid_content":false,"footnotes":"","jetpack_publicize_message":"","jetpack_publicize_feature_enabled":true,"jetpack_social_post_already_shared":true,"jetpack_social_options":{"image_generator_settings":{"template":"highway","default_image_id":0,"font":"","enabled":false},"version":2}},"categories":[132],"tags":[43,99,141,159,135,134,133],"class_list":["post-1254","post","type-post","status-publish","format-standard","has-post-thumbnail","hentry","category-podcast","tag-buch","tag-buecher","tag-debuet","tag-erstling","tag-hoeren","tag-lesen","tag-podcast"],"jetpack_publicize_connections":[],"jetpack_featured_media_url":"https:\/\/www.wort-reich.ch\/wp-content\/uploads\/2023\/03\/IMG_7550.jpg","jetpack_sharing_enabled":true,"jetpack_shortlink":"https:\/\/wp.me\/s8fxsM-1254","_links":{"self":[{"href":"https:\/\/www.wort-reich.ch\/index.php?rest_route=\/wp\/v2\/posts\/1254","targetHints":{"allow":["GET"]}}],"collection":[{"href":"https:\/\/www.wort-reich.ch\/index.php?rest_route=\/wp\/v2\/posts"}],"about":[{"href":"https:\/\/www.wort-reich.ch\/index.php?rest_route=\/wp\/v2\/types\/post"}],"author":[{"embeddable":true,"href":"https:\/\/www.wort-reich.ch\/index.php?rest_route=\/wp\/v2\/users\/1"}],"replies":[{"embeddable":true,"href":"https:\/\/www.wort-reich.ch\/index.php?rest_route=%2Fwp%2Fv2%2Fcomments&post=1254"}],"version-history":[{"count":2,"href":"https:\/\/www.wort-reich.ch\/index.php?rest_route=\/wp\/v2\/posts\/1254\/revisions"}],"predecessor-version":[{"id":1261,"href":"https:\/\/www.wort-reich.ch\/index.php?rest_route=\/wp\/v2\/posts\/1254\/revisions\/1261"}],"wp:featuredmedia":[{"embeddable":true,"href":"https:\/\/www.wort-reich.ch\/index.php?rest_route=\/wp\/v2\/media\/1255"}],"wp:attachment":[{"href":"https:\/\/www.wort-reich.ch\/index.php?rest_route=%2Fwp%2Fv2%2Fmedia&parent=1254"}],"wp:term":[{"taxonomy":"category","embeddable":true,"href":"https:\/\/www.wort-reich.ch\/index.php?rest_route=%2Fwp%2Fv2%2Fcategories&post=1254"},{"taxonomy":"post_tag","embeddable":true,"href":"https:\/\/www.wort-reich.ch\/index.php?rest_route=%2Fwp%2Fv2%2Ftags&post=1254"}],"curies":[{"name":"wp","href":"https:\/\/api.w.org\/{rel}","templated":true}]}}