{"id":1094,"date":"2021-11-10T10:00:04","date_gmt":"2021-11-10T09:00:04","guid":{"rendered":"https:\/\/www.wort-reich.ch\/?p=1094"},"modified":"2021-11-10T08:53:35","modified_gmt":"2021-11-10T07:53:35","slug":"deniz-ohde-streulicht","status":"publish","type":"post","link":"https:\/\/www.wort-reich.ch\/?p=1094","title":{"rendered":"Deniz Ohde - Streulicht"},"content":{"rendered":"<div id=\"dslc-main\">\r\n\t\t\t<div  class=\"dslc-modules-section \" style=\"margin-bottom:100px;padding-top:0px;padding-bottom:0px;\" data-section-id=\"ddcbedf59ed\">\r\n\t\t\t\t\r\n\t\t\t\t\r\n\t\t\t\t<div class=\"dslc-modules-section-wrapper dslc-clearfix\"><div  class=\"dslc-modules-area dslc-col dslc-12-col dslc-last-col dslc-valign- \" data-size=\"12\" data-valign=\"\" data-modules-area-id=\"\" ><style type=\"text\/css\" id=\"dslca-modules-area-\"><\/style>\r\n\t\t<div id=\"dslc-module-69876ae1d25\" class=\"dslc-module-front dslc-module-DSLC_TP_Title dslc-in-viewport-check dslc-in-viewport-anim-none  dslc-col dslc-12-col dslc-last-col  dslc-module-handle-like-regular \" data-module-id=\"69876ae1d25\" data-module=\"DSLC_TP_Title\" data-dslc-module-size=\"12\" data-dslc-anim=\"none\" data-dslc-anim-delay=\"\" data-dslc-anim-duration=\"650\"  data-dslc-anim-easing=\"ease\" data-dslc-preset=\"none\" >\r\n\r\n\t\t\t\r\n\t\t\t\r\n\t\t\r\n\t<div class=\"dslc-tp-title\">\r\n\t\t\t\t\t<div class=\"dslc-tp-title\"><h1>Deniz Ohde - Streulicht<\/h1><\/div>\r\n\t\t\t<\/div>\r\n\r\n\t\r\n\t\t\t\t<\/div><!-- .dslc-module -->\r\n\t\t\r\n\t\t<div id=\"dslc-module-e1d5148467e\" class=\"dslc-module-front dslc-module-DSLC_TP_Thumbnail dslc-in-viewport-check dslc-in-viewport-anim-none  dslc-col dslc-12-col dslc-last-col  dslc-module-handle-like-regular \" data-module-id=\"e1d5148467e\" data-module=\"DSLC_TP_Thumbnail\" data-dslc-module-size=\"12\" data-dslc-anim=\"none\" data-dslc-anim-delay=\"0\" data-dslc-anim-duration=\"650\"  data-dslc-anim-easing=\"ease\" data-dslc-preset=\"none\" >\r\n\r\n\t\t\t\r\n\t\t\t\r\n\t\t\r\n\t\t\t<div class=\"dslc-tp-thumbnail\">\r\n\t\t\t\t\r\n\t\t\t\t\t\t\t\t\t<img width=\"2560\" height=\"2560\" src=\"https:\/\/www.wort-reich.ch\/wp-content\/uploads\/2021\/11\/IMG_4974-scaled.jpg\" class=\"attachment-full size-full wp-post-image\" alt=\"\" title=\"IMG_4974\" srcset=\"https:\/\/www.wort-reich.ch\/wp-content\/uploads\/2021\/11\/IMG_4974-scaled.jpg 2560w, https:\/\/www.wort-reich.ch\/wp-content\/uploads\/2021\/11\/IMG_4974-300x300.jpg 300w, https:\/\/www.wort-reich.ch\/wp-content\/uploads\/2021\/11\/IMG_4974-700x700.jpg 700w, https:\/\/www.wort-reich.ch\/wp-content\/uploads\/2021\/11\/IMG_4974-150x150.jpg 150w, https:\/\/www.wort-reich.ch\/wp-content\/uploads\/2021\/11\/IMG_4974-768x768.jpg 768w, https:\/\/www.wort-reich.ch\/wp-content\/uploads\/2021\/11\/IMG_4974-1536x1536.jpg 1536w, https:\/\/www.wort-reich.ch\/wp-content\/uploads\/2021\/11\/IMG_4974-2048x2048.jpg 2048w\" sizes=\"(max-width: 2560px) 100vw, 2560px\" \/>\t\t\t\t\r\n\t\t\t\t\t\t\t<\/div>\r\n\r\n\t\t\r\n\t\t\r\n\t\t\t\t<\/div><!-- .dslc-module -->\r\n\t\t\r\n\t\t<div id=\"dslc-module-60e77eb73f8\" class=\"dslc-module-front dslc-module-DSLC_TP_Content dslc-in-viewport-check dslc-in-viewport-anim-none  dslc-col dslc-12-col dslc-last-col  dslc-module-handle-like-regular \" data-module-id=\"60e77eb73f8\" data-module=\"DSLC_TP_Content\" data-dslc-module-size=\"12\" data-dslc-anim=\"none\" data-dslc-anim-delay=\"\" data-dslc-anim-duration=\"650\"  data-dslc-anim-easing=\"ease\" data-dslc-preset=\"content\" >\r\n\r\n\t\t\t\r\n\t\t\t\r\n\t\t\t\t<div class=\"dslc-tp-content\">\r\n\t\t\t<div id=\"pl-1094\"  class=\"panel-layout\" ><div id=\"pg-1094-0\"  class=\"panel-grid panel-no-style\" ><div id=\"pgc-1094-0-0\"  class=\"panel-grid-cell\" ><div id=\"panel-1094-0-0-0\" class=\"so-panel widget widget_sow-editor panel-first-child\" data-index=\"0\" ><div\n\t\t\t\n\t\t\tclass=\"so-widget-sow-editor so-widget-sow-editor-base\"\n\t\t\t\n\t\t>\n<div class=\"siteorigin-widget-tinymce textwidget\">\n\t<p>In dieser Folge sprechen wir \u00fcber den Roman Streulicht von Deniz Ohde. Dabei versuchen wir unter anderem heruszufinden, was ein Bildungsroman ist und ob Streulicht dazugeh\u00f6rt. Und das Ganze nat\u00fcrli uf schwizerd\u00fctsch ...<\/p>\n<p>Gleich hier h\u00f6ren oder \u00fcberall, wo es Podcasts gibt.<\/p>\n<\/div>\n<\/div><\/div><div id=\"panel-1094-0-0-1\" class=\"so-panel widget widget_sow-editor panel-last-child\" data-index=\"1\" ><div\n\t\t\t\n\t\t\tclass=\"so-widget-sow-editor so-widget-sow-editor-base\"\n\t\t\t\n\t\t>\n<div class=\"siteorigin-widget-tinymce textwidget\">\n\t<p><script class=\"podigee-podcast-player\" src=\"https:\/\/player.podigee-cdn.net\/podcast-player\/javascripts\/podigee-podcast-player.js\" data-configuration=\"https:\/\/wortreich-literaturpodcast.podigee.io\/1-neue-episode\/embed?context=external&token=MVsqRUT1XRtcuXRUEOQ72A\"><\/script><\/p>\n<\/div>\n<\/div><\/div><\/div><\/div><\/div>\t\t<\/div>\r\n\t\t\r\n\t\t\t\t<\/div><!-- .dslc-module -->\r\n\t\t<\/div><\/div><\/div><\/div><input type=\"hidden\" id=\"dslca-post-data-thumb\" value=\"https:\/\/www.wort-reich.ch\/wp-content\/uploads\/2021\/11\/IMG_4974-scaled.jpg\" \/>","protected":false},"excerpt":{"rendered":"<p>In dieser Folge sprechen wir \u00fcber den Roman Streulicht von Deniz Ohde. Dabei versuchen wir unter anderem heruszufinden, was ein Bildungsroman ist und ob Streulicht dazugeh\u00f6rt. Und das Ganze nat\u00fcrli uf schwizerd\u00fctsch ... Gleich hier h\u00f6ren oder \u00fcberall, wo es Podcasts gibt.<\/p>\n","protected":false},"author":1,"featured_media":1096,"comment_status":"open","ping_status":"open","sticky":false,"template":"","format":"standard","meta":{"jetpack_post_was_ever_published":false,"_jetpack_newsletter_access":"","_jetpack_dont_email_post_to_subs":false,"_jetpack_newsletter_tier_id":0,"_jetpack_memberships_contains_paywalled_content":false,"_jetpack_memberships_contains_paid_content":false,"footnotes":"","jetpack_publicize_message":"","jetpack_publicize_feature_enabled":true,"jetpack_social_post_already_shared":true,"jetpack_social_options":{"image_generator_settings":{"template":"highway","default_image_id":0,"font":"","enabled":false},"version":2}},"categories":[132],"tags":[43,136,135,134,137,133,138],"class_list":["post-1094","post","type-post","status-publish","format-standard","has-post-thumbnail","hentry","category-podcast","tag-buch","tag-deniz","tag-hoeren","tag-lesen","tag-ohde","tag-podcast","tag-streulicht"],"jetpack_publicize_connections":[],"jetpack_featured_media_url":"https:\/\/www.wort-reich.ch\/wp-content\/uploads\/2021\/11\/IMG_4974-scaled.jpg","jetpack_sharing_enabled":true,"jetpack_shortlink":"https:\/\/wp.me\/p8fxsM-hE","_links":{"self":[{"href":"https:\/\/www.wort-reich.ch\/index.php?rest_route=\/wp\/v2\/posts\/1094","targetHints":{"allow":["GET"]}}],"collection":[{"href":"https:\/\/www.wort-reich.ch\/index.php?rest_route=\/wp\/v2\/posts"}],"about":[{"href":"https:\/\/www.wort-reich.ch\/index.php?rest_route=\/wp\/v2\/types\/post"}],"author":[{"embeddable":true,"href":"https:\/\/www.wort-reich.ch\/index.php?rest_route=\/wp\/v2\/users\/1"}],"replies":[{"embeddable":true,"href":"https:\/\/www.wort-reich.ch\/index.php?rest_route=%2Fwp%2Fv2%2Fcomments&post=1094"}],"version-history":[{"count":5,"href":"https:\/\/www.wort-reich.ch\/index.php?rest_route=\/wp\/v2\/posts\/1094\/revisions"}],"predecessor-version":[{"id":1100,"href":"https:\/\/www.wort-reich.ch\/index.php?rest_route=\/wp\/v2\/posts\/1094\/revisions\/1100"}],"wp:featuredmedia":[{"embeddable":true,"href":"https:\/\/www.wort-reich.ch\/index.php?rest_route=\/wp\/v2\/media\/1096"}],"wp:attachment":[{"href":"https:\/\/www.wort-reich.ch\/index.php?rest_route=%2Fwp%2Fv2%2Fmedia&parent=1094"}],"wp:term":[{"taxonomy":"category","embeddable":true,"href":"https:\/\/www.wort-reich.ch\/index.php?rest_route=%2Fwp%2Fv2%2Fcategories&post=1094"},{"taxonomy":"post_tag","embeddable":true,"href":"https:\/\/www.wort-reich.ch\/index.php?rest_route=%2Fwp%2Fv2%2Ftags&post=1094"}],"curies":[{"name":"wp","href":"https:\/\/api.w.org\/{rel}","templated":true}]}}